{"id":1463,"date":"2023-11-10T09:04:45","date_gmt":"2023-11-10T12:04:45","guid":{"rendered":"https:\/\/nivelamento-online.com.br\/web\/?p=1463"},"modified":"2023-12-30T12:29:35","modified_gmt":"2023-12-30T15:29:35","slug":"innovadores-culturales-de-parana-presentan-sus-proyectos-y-negocios-en-el-mercado-de-las-industrias-creativas-en-belem-do-para","status":"publish","type":"post","link":"https:\/\/nivelamento-online.com.br\/web\/eventos-es\/innovadores-culturales-de-parana-presentan-sus-proyectos-y-negocios-en-el-mercado-de-las-industrias-creativas-en-belem-do-para\/?lang=es","title":{"rendered":"Innovadores culturales de Paran\u00e1 presentan sus proyectos y negocios en el Mercado de las Industrias Creativas en Bel\u00e9m do Par\u00e1."},"content":{"rendered":"\n<p>Fuente: Gobierno del Estado de Paran\u00e1<\/p>\n\n\n\n<p>Innovadores culturales de Paran\u00e1 participan en el Mercado de las Industrias Creativas (MICBR) que se lleva a cabo en Bel\u00e9m, Par\u00e1, del 8 al 12 de noviembre. El evento reunir\u00e1 a emprendedores culturales de diversos sectores en rondas de negocios, conferencias, presentaciones y talleres, con programaci\u00f3n gratuita y abierta al p\u00fablico.<\/p>\n\n\n\n<p>Promovido por el Ministerio de Cultura (MinC) y la Organizaci\u00f3n de los Estados Iberoamericanos (OEI), el MICBR contar\u00e1 con un programa que incluye 15 sectores creativos, como Artes T\u00e9cnicas, Artesan\u00eda, Artes Visuales, Audiovisual y Animaci\u00f3n, Circo, Danza, Dise\u00f1o, Editorial, Gastronom\u00eda, Hip Hop, Juegos Electr\u00f3nicos, M\u00fasica, Moda, Museos y Patrimonio, y Teatro.<\/p>\n\n\n\n<p>De los 906 inscritos de todo Brasil, el llamado del Ministerio de Cultura seleccion\u00f3 a 260 participantes de 102 ciudades del pa\u00eds. De este total, 20 representan a Paran\u00e1, ya sea como compradores o vendedores de proyectos en las rondas de negocios del evento. Adem\u00e1s de los participantes brasile\u00f1os, la tercera edici\u00f3n del MICBR tambi\u00e9n tiene a Argentina como pa\u00eds invitado de honor.<\/p>\n\n\n\n<p>Para la Secretaria de Cultura del Estado, Luciana Casagrande Pereira, &#8220;eventos como este son fundamentales para difundir la potencia de la econom\u00eda creativa paranaense en Brasil y en el mundo, atraer inversores a los proyectos e iniciativas culturales del Estado y mostrar lo mejor que se est\u00e1 haciendo aqu\u00ed&#8221;.<\/p>\n\n\n\n<p>PARAN\u00c1 Y LA ECONOM\u00cdA CREATIVA &#8211; En Brasil, la econom\u00eda creativa representa el 3,11% del Producto Interno Bruto (PIB) y emplea a alrededor de 7,5 millones de personas en m\u00e1s de 130,000 empresas formalizadas. Los 20 representantes de Paran\u00e1 que participan en el evento provienen de diferentes sectores culturales y son en su mayor\u00eda vendedores de ideas y proyectos.<\/p>\n\n\n\n<p>Danilo Sande, innovador cultural, representa a Exatamente Solu\u00e7\u00f5es Educacionais, una de las empresas vendedoras de Paran\u00e1. La empresa, con sede en Guarapuava, desarrolla juegos que ayudan a los estudiantes a aprender. Uno de estos productos es el Nivelamento Online, una plataforma educativa centrada en juegos en l\u00ednea con preguntas y respuestas personalizables. Seg\u00fan Danilo, el objetivo de llevar este producto al evento es su comercializaci\u00f3n en instituciones educativas.<\/p>\n\n\n\n<p>Otros dos proyectos se presentar\u00e1n en las rondas de negocios. Uno de ellos es el Nio Card Game, un juego de cartas con preguntas de conocimiento; y el Nio RPG, que es un juego electr\u00f3nico para dispositivos m\u00f3viles. &#8220;Esperamos la oportunidad de comercializar efectivamente con las instituciones educativas, buscar asociaciones para desarrollar las cartas a gran escala y tambi\u00e9n la coproducci\u00f3n y visibilidad para el Nio RPG&#8221;, proyect\u00f3 Danilo Sande.<\/p>\n\n\n\n<p>Presente desde la primera edici\u00f3n del MICBR, el sector audiovisual y de animaci\u00f3n mantuvo el segundo lugar entre los segmentos de mayor crecimiento econ\u00f3mico en el sector creativo en 2019, con un \u00edndice del 3,1%, seg\u00fan los datos m\u00e1s recientes del Instituto Brasile\u00f1o de Geograf\u00eda y Estad\u00edstica (IBGE).<\/p>\n\n\n\n<p>Thais Peixe, productora de Miralumo Films, asistir\u00e1 al evento como vendedora en el sector audiovisual. El estudio, ubicado en Curitiba, se especializa en la producci\u00f3n de pel\u00edculas animadas originales y publicidad. Thais explic\u00f3 que la participaci\u00f3n en este evento es importante para buscar socios para la coproducci\u00f3n y distribuci\u00f3n. Tambi\u00e9n destac\u00f3 la diversidad de sectores de la econom\u00eda creativa presentes en el evento.<\/p>\n\n\n\n<p>&#8220;S\u00e9 que en el MICBR hay artistas de todas las \u00e1reas. As\u00ed que no es solo cine, sino tambi\u00e9n teatro, dise\u00f1o, danza\u2026 y esto enriquece mucho, poder tener contacto directo con otras \u00e1reas. Fortalece la cultura creativa en Brasil&#8221;, enfatiz\u00f3 Thais.<\/p>\n\n\n\n<p>En el mismo campo de la imagen y el sonido, Olhar es una distribuidora de contenido audiovisual que ha lanzado m\u00e1s de 30 pel\u00edculas en el mercado brasile\u00f1o, abarcando diversos g\u00e9neros y perfiles. Paula Gomes, cofundadora y directora general de la empresa, asistir\u00e1 al evento como compradora, centr\u00e1ndose en largometrajes LGBTQIAPN+, g\u00e9neros de crecimiento y t\u00edtulos con \u00e9nfasis pol\u00edtico-social.<\/p>\n\n\n\n<p>La directora explica que al distribuir una pel\u00edcula, Olhar realiza la campa\u00f1a publicitaria de la obra y, por lo tanto, buscan asociaciones con productoras en la fase inicial de un proyecto. &#8220;As\u00ed, podemos sumar desde el desarrollo, pensando en la audiencia y en c\u00f3mo comunicarnos con ella, y tambi\u00e9n c\u00f3mo ayudar a la empresa productora en las estrategias de financiamiento de la obra&#8221;, explic\u00f3 Paula.<\/p>\n\n\n\n<p>Tambi\u00e9n en la posici\u00f3n de compradora, la directora del Festival de Teatro de Curitiba, Fab\u00edula Passini, explic\u00f3 que en el teatro se trabaja con el m\u00e1ximo de lenguajes posibles, como la improvisaci\u00f3n, la m\u00fasica, la danza y tambi\u00e9n la gastronom\u00eda. Seg\u00fan la gestora, el formato del mercado promovido en Bel\u00e9m se diferencia de otros por la variedad de ejes de negocios y el intercambio cultural.<\/p>\n\n\n\n<p>&#8220;Es importante conocer otros trabajos adem\u00e1s de los producidos aqu\u00ed, para tal vez traer alguna atracci\u00f3n que ser\u00e1 conocida a partir del MICBR y tambi\u00e9n para que la cultura de Paran\u00e1 sea conocida en todo Brasil y en Argentina, ya que el pa\u00eds invitado del MICBR es Argentina&#8221;, dijo Fab\u00edula.<\/p>\n\n\n\n<p>Todav\u00eda en el campo de las presentaciones, el festival Tel\u00farica \u2013 Festival Hecho por Payasas, es ideado por ocho mujeres y participar\u00e1 en rondas de negociaci\u00f3n en la categor\u00eda de circo y en la posici\u00f3n de vendedora. El festival surgi\u00f3 con la intenci\u00f3n de fortalecer el arte de la payasada realizado por mujeres y buscar el protagonismo femenino desde detr\u00e1s del escenario hasta el escenario.<\/p>\n\n\n\n<p>Yara Rossato, cocreadora del emprendimiento, tiene la intenci\u00f3n de prospectar nuevas ediciones y replicar el modelo del festival en otras localidades. &#8220;Queremos avanzar hacia nuestra tercera edici\u00f3n presencial [del festival] el pr\u00f3ximo a\u00f1o. Estamos inscritas en varios concursos, pero la presencia en el MICBR deber\u00eda fortalecer esto. Tambi\u00e9n esperamos que sea posible hacer asociaciones&#8221;.<\/p>\n","protected":false},"excerpt":{"rendered":"<p>Fuente: Gobierno del Estado de Paran\u00e1 Innovadores culturales de Paran\u00e1 participan en el Mercado de las Industrias Creativas (MICBR) que se lleva a cabo en Bel\u00e9m,<span class=\"excerpt-hellip\"> [\u2026]<\/span><\/p>\n","protected":false},"author":1,"featured_media":1208,"comment_status":"open","ping_status":"open","sticky":false,"template":"","format":"standard","meta":{"footnotes":""},"categories":[120],"tags":[],"yoast_head":"<!-- This site is optimized with the Yoast SEO Premium plugin v20.0 (Yoast SEO v21.1) - https:\/\/yoast.com\/wordpress\/plugins\/seo\/ -->\n<title>Innovadores culturales de Paran\u00e1 presentan sus proyectos y negocios en el Mercado de las Industrias Creativas en Bel\u00e9m do Par\u00e1. - Nivelamento Online<\/title>\n<meta name=\"robots\" content=\"index, follow, max-snippet:-1, max-image-preview:large, max-video-preview:-1\" \/>\n<link rel=\"canonical\" href=\"https:\/\/nivelamento-online.com.br\/web\/eventos-es\/innovadores-culturales-de-parana-presentan-sus-proyectos-y-negocios-en-el-mercado-de-las-industrias-creativas-en-belem-do-para\/?lang=es\" \/>\n<meta property=\"og:locale\" content=\"pt_BR\" \/>\n<meta property=\"og:type\" content=\"article\" \/>\n<meta property=\"og:title\" content=\"Innovadores culturales de Paran\u00e1 presentan sus proyectos y negocios en el Mercado de las Industrias Creativas en Bel\u00e9m do Par\u00e1.\" \/>\n<meta property=\"og:description\" content=\"Fuente: Gobierno del Estado de Paran\u00e1 Innovadores culturales de Paran\u00e1 participan en el Mercado de las Industrias Creativas (MICBR) que se lleva a cabo en Bel\u00e9m, [\u2026]\" \/>\n<meta property=\"og:url\" content=\"https:\/\/nivelamento-online.com.br\/web\/eventos-es\/innovadores-culturales-de-parana-presentan-sus-proyectos-y-negocios-en-el-mercado-de-las-industrias-creativas-en-belem-do-para\/?lang=es\" \/>\n<meta property=\"og:site_name\" content=\"Nivelamento Online\" \/>\n<meta property=\"article:published_time\" content=\"2023-11-10T12:04:45+00:00\" \/>\n<meta property=\"article:modified_time\" content=\"2023-12-30T15:29:35+00:00\" \/>\n<meta property=\"og:image\" content=\"https:\/\/nivelamento-online.com.br\/web\/wp-content\/uploads\/2023\/11\/53319765269_adf410bc43_k.jpg\" \/>\n\t<meta property=\"og:image:width\" content=\"2048\" \/>\n\t<meta property=\"og:image:height\" content=\"1365\" \/>\n\t<meta property=\"og:image:type\" content=\"image\/jpeg\" \/>\n<meta name=\"author\" content=\"Fabio Paiva Reis\" \/>\n<meta name=\"twitter:card\" content=\"summary_large_image\" \/>\n<meta name=\"twitter:label1\" content=\"Escrito por\" \/>\n\t<meta name=\"twitter:data1\" content=\"Fabio Paiva Reis\" \/>\n\t<meta name=\"twitter:label2\" content=\"Est. tempo de leitura\" \/>\n\t<meta name=\"twitter:data2\" content=\"6 minutos\" \/>\n<script type=\"application\/ld+json\" class=\"yoast-schema-graph\">{\"@context\":\"https:\/\/schema.org\",\"@graph\":[{\"@type\":\"Article\",\"@id\":\"https:\/\/nivelamento-online.com.br\/web\/eventos-es\/innovadores-culturales-de-parana-presentan-sus-proyectos-y-negocios-en-el-mercado-de-las-industrias-creativas-en-belem-do-para\/?lang=es#article\",\"isPartOf\":{\"@id\":\"https:\/\/nivelamento-online.com.br\/web\/eventos-es\/innovadores-culturales-de-parana-presentan-sus-proyectos-y-negocios-en-el-mercado-de-las-industrias-creativas-en-belem-do-para\/?lang=es\"},\"author\":{\"name\":\"Fabio Paiva Reis\",\"@id\":\"https:\/\/nivelamento-online.com.br\/web\/#\/schema\/person\/f41f770600557c3cb72010b84faf4b06\"},\"headline\":\"Innovadores culturales de Paran\u00e1 presentan sus proyectos y negocios en el Mercado de las Industrias Creativas en Bel\u00e9m do Par\u00e1.\",\"datePublished\":\"2023-11-10T12:04:45+00:00\",\"dateModified\":\"2023-12-30T15:29:35+00:00\",\"mainEntityOfPage\":{\"@id\":\"https:\/\/nivelamento-online.com.br\/web\/eventos-es\/innovadores-culturales-de-parana-presentan-sus-proyectos-y-negocios-en-el-mercado-de-las-industrias-creativas-en-belem-do-para\/?lang=es\"},\"wordCount\":1022,\"commentCount\":0,\"publisher\":{\"@id\":\"https:\/\/nivelamento-online.com.br\/web\/#organization\"},\"articleSection\":[\"Eventos\"],\"inLanguage\":\"pt-BR\",\"potentialAction\":[{\"@type\":\"CommentAction\",\"name\":\"Comment\",\"target\":[\"https:\/\/nivelamento-online.com.br\/web\/eventos-es\/innovadores-culturales-de-parana-presentan-sus-proyectos-y-negocios-en-el-mercado-de-las-industrias-creativas-en-belem-do-para\/?lang=es#respond\"]}]},{\"@type\":\"WebPage\",\"@id\":\"https:\/\/nivelamento-online.com.br\/web\/eventos-es\/innovadores-culturales-de-parana-presentan-sus-proyectos-y-negocios-en-el-mercado-de-las-industrias-creativas-en-belem-do-para\/?lang=es\",\"url\":\"https:\/\/nivelamento-online.com.br\/web\/eventos-es\/innovadores-culturales-de-parana-presentan-sus-proyectos-y-negocios-en-el-mercado-de-las-industrias-creativas-en-belem-do-para\/?lang=es\",\"name\":\"Innovadores culturales de Paran\u00e1 presentan sus proyectos y negocios en el Mercado de las Industrias Creativas en Bel\u00e9m do Par\u00e1. - Nivelamento Online\",\"isPartOf\":{\"@id\":\"https:\/\/nivelamento-online.com.br\/web\/#website\"},\"datePublished\":\"2023-11-10T12:04:45+00:00\",\"dateModified\":\"2023-12-30T15:29:35+00:00\",\"breadcrumb\":{\"@id\":\"https:\/\/nivelamento-online.com.br\/web\/eventos-es\/innovadores-culturales-de-parana-presentan-sus-proyectos-y-negocios-en-el-mercado-de-las-industrias-creativas-en-belem-do-para\/?lang=es#breadcrumb\"},\"inLanguage\":\"pt-BR\",\"potentialAction\":[{\"@type\":\"ReadAction\",\"target\":[\"https:\/\/nivelamento-online.com.br\/web\/eventos-es\/innovadores-culturales-de-parana-presentan-sus-proyectos-y-negocios-en-el-mercado-de-las-industrias-creativas-en-belem-do-para\/?lang=es\"]}]},{\"@type\":\"BreadcrumbList\",\"@id\":\"https:\/\/nivelamento-online.com.br\/web\/eventos-es\/innovadores-culturales-de-parana-presentan-sus-proyectos-y-negocios-en-el-mercado-de-las-industrias-creativas-en-belem-do-para\/?lang=es#breadcrumb\",\"itemListElement\":[{\"@type\":\"ListItem\",\"position\":1,\"name\":\"Home\",\"item\":\"https:\/\/nivelamento-online.com.br\/web\/\"},{\"@type\":\"ListItem\",\"position\":2,\"name\":\"Innovadores culturales de Paran\u00e1 presentan sus proyectos y negocios en el Mercado de las Industrias Creativas en Bel\u00e9m do Par\u00e1.\"}]},{\"@type\":\"WebSite\",\"@id\":\"https:\/\/nivelamento-online.com.br\/web\/#website\",\"url\":\"https:\/\/nivelamento-online.com.br\/web\/\",\"name\":\"Nivelamento Online\",\"description\":\"O seu jogo para estudar para o Ensino M\u00e9dio e o Enem\",\"publisher\":{\"@id\":\"https:\/\/nivelamento-online.com.br\/web\/#organization\"},\"potentialAction\":[{\"@type\":\"SearchAction\",\"target\":{\"@type\":\"EntryPoint\",\"urlTemplate\":\"https:\/\/nivelamento-online.com.br\/web\/?s={search_term_string}\"},\"query-input\":\"required name=search_term_string\"}],\"inLanguage\":\"pt-BR\"},{\"@type\":\"Organization\",\"@id\":\"https:\/\/nivelamento-online.com.br\/web\/#organization\",\"name\":\"Nivelamento Online\",\"url\":\"https:\/\/nivelamento-online.com.br\/web\/\",\"logo\":{\"@type\":\"ImageObject\",\"inLanguage\":\"pt-BR\",\"@id\":\"https:\/\/nivelamento-online.com.br\/web\/#\/schema\/logo\/image\/\",\"url\":\"https:\/\/nivelamento-online.com.br\/web\/wp-content\/uploads\/2023\/01\/slide-03-1.png\",\"contentUrl\":\"https:\/\/nivelamento-online.com.br\/web\/wp-content\/uploads\/2023\/01\/slide-03-1.png\",\"width\":750,\"height\":1332,\"caption\":\"Nivelamento Online\"},\"image\":{\"@id\":\"https:\/\/nivelamento-online.com.br\/web\/#\/schema\/logo\/image\/\"}},{\"@type\":\"Person\",\"@id\":\"https:\/\/nivelamento-online.com.br\/web\/#\/schema\/person\/f41f770600557c3cb72010b84faf4b06\",\"name\":\"Fabio Paiva Reis\",\"image\":{\"@type\":\"ImageObject\",\"inLanguage\":\"pt-BR\",\"@id\":\"https:\/\/nivelamento-online.com.br\/web\/#\/schema\/person\/image\/\",\"url\":\"https:\/\/secure.gravatar.com\/avatar\/8abfaeed212071301794aef490d31a44?s=96&d=mm&r=g\",\"contentUrl\":\"https:\/\/secure.gravatar.com\/avatar\/8abfaeed212071301794aef490d31a44?s=96&d=mm&r=g\",\"caption\":\"Fabio Paiva Reis\"},\"description\":\"Fabio Paiva Reis \u00e9 coordenador de comunica\u00e7\u00e3o na Exatamente Solu\u00e7\u00f5es Educacionais, criadora do app Nivelamento Online. Especialista em Marketing e M\u00eddias Digitais pela FGV, Fabio \u00e9 ainda doutor em Hist\u00f3ria pela Universidade do Minho, em Portugal.\",\"sameAs\":[\"https:\/\/nivelamento-online.com.br\/web\"],\"url\":\"https:\/\/nivelamento-online.com.br\/web\/author\/nivelamentoonline-nio\/\"}]}<\/script>\n<!-- \/ Yoast SEO Premium plugin. -->","yoast_head_json":{"title":"Innovadores culturales de Paran\u00e1 presentan sus proyectos y negocios en el Mercado de las Industrias Creativas en Bel\u00e9m do Par\u00e1. - Nivelamento Online","robots":{"index":"index","follow":"follow","max-snippet":"max-snippet:-1","max-image-preview":"max-image-preview:large","max-video-preview":"max-video-preview:-1"},"canonical":"https:\/\/nivelamento-online.com.br\/web\/eventos-es\/innovadores-culturales-de-parana-presentan-sus-proyectos-y-negocios-en-el-mercado-de-las-industrias-creativas-en-belem-do-para\/?lang=es","og_locale":"pt_BR","og_type":"article","og_title":"Innovadores culturales de Paran\u00e1 presentan sus proyectos y negocios en el Mercado de las Industrias Creativas en Bel\u00e9m do Par\u00e1.","og_description":"Fuente: Gobierno del Estado de Paran\u00e1 Innovadores culturales de Paran\u00e1 participan en el Mercado de las Industrias Creativas (MICBR) que se lleva a cabo en Bel\u00e9m, [\u2026]","og_url":"https:\/\/nivelamento-online.com.br\/web\/eventos-es\/innovadores-culturales-de-parana-presentan-sus-proyectos-y-negocios-en-el-mercado-de-las-industrias-creativas-en-belem-do-para\/?lang=es","og_site_name":"Nivelamento Online","article_published_time":"2023-11-10T12:04:45+00:00","article_modified_time":"2023-12-30T15:29:35+00:00","og_image":[{"width":2048,"height":1365,"url":"https:\/\/nivelamento-online.com.br\/web\/wp-content\/uploads\/2023\/11\/53319765269_adf410bc43_k.jpg","type":"image\/jpeg"}],"author":"Fabio Paiva Reis","twitter_card":"summary_large_image","twitter_misc":{"Escrito por":"Fabio Paiva Reis","Est. tempo de leitura":"6 minutos"},"schema":{"@context":"https:\/\/schema.org","@graph":[{"@type":"Article","@id":"https:\/\/nivelamento-online.com.br\/web\/eventos-es\/innovadores-culturales-de-parana-presentan-sus-proyectos-y-negocios-en-el-mercado-de-las-industrias-creativas-en-belem-do-para\/?lang=es#article","isPartOf":{"@id":"https:\/\/nivelamento-online.com.br\/web\/eventos-es\/innovadores-culturales-de-parana-presentan-sus-proyectos-y-negocios-en-el-mercado-de-las-industrias-creativas-en-belem-do-para\/?lang=es"},"author":{"name":"Fabio Paiva Reis","@id":"https:\/\/nivelamento-online.com.br\/web\/#\/schema\/person\/f41f770600557c3cb72010b84faf4b06"},"headline":"Innovadores culturales de Paran\u00e1 presentan sus proyectos y negocios en el Mercado de las Industrias Creativas en Bel\u00e9m do Par\u00e1.","datePublished":"2023-11-10T12:04:45+00:00","dateModified":"2023-12-30T15:29:35+00:00","mainEntityOfPage":{"@id":"https:\/\/nivelamento-online.com.br\/web\/eventos-es\/innovadores-culturales-de-parana-presentan-sus-proyectos-y-negocios-en-el-mercado-de-las-industrias-creativas-en-belem-do-para\/?lang=es"},"wordCount":1022,"commentCount":0,"publisher":{"@id":"https:\/\/nivelamento-online.com.br\/web\/#organization"},"articleSection":["Eventos"],"inLanguage":"pt-BR","potentialAction":[{"@type":"CommentAction","name":"Comment","target":["https:\/\/nivelamento-online.com.br\/web\/eventos-es\/innovadores-culturales-de-parana-presentan-sus-proyectos-y-negocios-en-el-mercado-de-las-industrias-creativas-en-belem-do-para\/?lang=es#respond"]}]},{"@type":"WebPage","@id":"https:\/\/nivelamento-online.com.br\/web\/eventos-es\/innovadores-culturales-de-parana-presentan-sus-proyectos-y-negocios-en-el-mercado-de-las-industrias-creativas-en-belem-do-para\/?lang=es","url":"https:\/\/nivelamento-online.com.br\/web\/eventos-es\/innovadores-culturales-de-parana-presentan-sus-proyectos-y-negocios-en-el-mercado-de-las-industrias-creativas-en-belem-do-para\/?lang=es","name":"Innovadores culturales de Paran\u00e1 presentan sus proyectos y negocios en el Mercado de las Industrias Creativas en Bel\u00e9m do Par\u00e1. - Nivelamento Online","isPartOf":{"@id":"https:\/\/nivelamento-online.com.br\/web\/#website"},"datePublished":"2023-11-10T12:04:45+00:00","dateModified":"2023-12-30T15:29:35+00:00","breadcrumb":{"@id":"https:\/\/nivelamento-online.com.br\/web\/eventos-es\/innovadores-culturales-de-parana-presentan-sus-proyectos-y-negocios-en-el-mercado-de-las-industrias-creativas-en-belem-do-para\/?lang=es#breadcrumb"},"inLanguage":"pt-BR","potentialAction":[{"@type":"ReadAction","target":["https:\/\/nivelamento-online.com.br\/web\/eventos-es\/innovadores-culturales-de-parana-presentan-sus-proyectos-y-negocios-en-el-mercado-de-las-industrias-creativas-en-belem-do-para\/?lang=es"]}]},{"@type":"BreadcrumbList","@id":"https:\/\/nivelamento-online.com.br\/web\/eventos-es\/innovadores-culturales-de-parana-presentan-sus-proyectos-y-negocios-en-el-mercado-de-las-industrias-creativas-en-belem-do-para\/?lang=es#breadcrumb","itemListElement":[{"@type":"ListItem","position":1,"name":"Home","item":"https:\/\/nivelamento-online.com.br\/web\/"},{"@type":"ListItem","position":2,"name":"Innovadores culturales de Paran\u00e1 presentan sus proyectos y negocios en el Mercado de las Industrias Creativas en Bel\u00e9m do Par\u00e1."}]},{"@type":"WebSite","@id":"https:\/\/nivelamento-online.com.br\/web\/#website","url":"https:\/\/nivelamento-online.com.br\/web\/","name":"Nivelamento Online","description":"O seu jogo para estudar para o Ensino M\u00e9dio e o Enem","publisher":{"@id":"https:\/\/nivelamento-online.com.br\/web\/#organization"},"potentialAction":[{"@type":"SearchAction","target":{"@type":"EntryPoint","urlTemplate":"https:\/\/nivelamento-online.com.br\/web\/?s={search_term_string}"},"query-input":"required name=search_term_string"}],"inLanguage":"pt-BR"},{"@type":"Organization","@id":"https:\/\/nivelamento-online.com.br\/web\/#organization","name":"Nivelamento Online","url":"https:\/\/nivelamento-online.com.br\/web\/","logo":{"@type":"ImageObject","inLanguage":"pt-BR","@id":"https:\/\/nivelamento-online.com.br\/web\/#\/schema\/logo\/image\/","url":"https:\/\/nivelamento-online.com.br\/web\/wp-content\/uploads\/2023\/01\/slide-03-1.png","contentUrl":"https:\/\/nivelamento-online.com.br\/web\/wp-content\/uploads\/2023\/01\/slide-03-1.png","width":750,"height":1332,"caption":"Nivelamento Online"},"image":{"@id":"https:\/\/nivelamento-online.com.br\/web\/#\/schema\/logo\/image\/"}},{"@type":"Person","@id":"https:\/\/nivelamento-online.com.br\/web\/#\/schema\/person\/f41f770600557c3cb72010b84faf4b06","name":"Fabio Paiva Reis","image":{"@type":"ImageObject","inLanguage":"pt-BR","@id":"https:\/\/nivelamento-online.com.br\/web\/#\/schema\/person\/image\/","url":"https:\/\/secure.gravatar.com\/avatar\/8abfaeed212071301794aef490d31a44?s=96&d=mm&r=g","contentUrl":"https:\/\/secure.gravatar.com\/avatar\/8abfaeed212071301794aef490d31a44?s=96&d=mm&r=g","caption":"Fabio Paiva Reis"},"description":"Fabio Paiva Reis \u00e9 coordenador de comunica\u00e7\u00e3o na Exatamente Solu\u00e7\u00f5es Educacionais, criadora do app Nivelamento Online. Especialista em Marketing e M\u00eddias Digitais pela FGV, Fabio \u00e9 ainda doutor em Hist\u00f3ria pela Universidade do Minho, em Portugal.","sameAs":["https:\/\/nivelamento-online.com.br\/web"],"url":"https:\/\/nivelamento-online.com.br\/web\/author\/nivelamentoonline-nio\/"}]}},"jetpack_featured_media_url":"https:\/\/nivelamento-online.com.br\/web\/wp-content\/uploads\/2023\/11\/53319765269_adf410bc43_k.jpg","jetpack_sharing_enabled":true,"_links":{"self":[{"href":"https:\/\/nivelamento-online.com.br\/web\/wp-json\/wp\/v2\/posts\/1463"}],"collection":[{"href":"https:\/\/nivelamento-online.com.br\/web\/wp-json\/wp\/v2\/posts"}],"about":[{"href":"https:\/\/nivelamento-online.com.br\/web\/wp-json\/wp\/v2\/types\/post"}],"author":[{"embeddable":true,"href":"https:\/\/nivelamento-online.com.br\/web\/wp-json\/wp\/v2\/users\/1"}],"replies":[{"embeddable":true,"href":"https:\/\/nivelamento-online.com.br\/web\/wp-json\/wp\/v2\/comments?post=1463"}],"version-history":[{"count":1,"href":"https:\/\/nivelamento-online.com.br\/web\/wp-json\/wp\/v2\/posts\/1463\/revisions"}],"predecessor-version":[{"id":1465,"href":"https:\/\/nivelamento-online.com.br\/web\/wp-json\/wp\/v2\/posts\/1463\/revisions\/1465"}],"wp:featuredmedia":[{"embeddable":true,"href":"https:\/\/nivelamento-online.com.br\/web\/wp-json\/wp\/v2\/media\/1208"}],"wp:attachment":[{"href":"https:\/\/nivelamento-online.com.br\/web\/wp-json\/wp\/v2\/media?parent=1463"}],"wp:term":[{"taxonomy":"category","embeddable":true,"href":"https:\/\/nivelamento-online.com.br\/web\/wp-json\/wp\/v2\/categories?post=1463"},{"taxonomy":"post_tag","embeddable":true,"href":"https:\/\/nivelamento-online.com.br\/web\/wp-json\/wp\/v2\/tags?post=1463"}],"curies":[{"name":"wp","href":"https:\/\/api.w.org\/{rel}","templated":true}]}}