{"id":1204,"date":"2023-11-10T09:04:45","date_gmt":"2023-11-10T12:04:45","guid":{"rendered":"https:\/\/nivelamento-online.com.br\/web\/?p=1204"},"modified":"2023-12-30T12:19:04","modified_gmt":"2023-12-30T15:19:04","slug":"inovadores-culturais-do-parana-apresentam-seus-projetos-e-negocios-no-mercado-das-industrias-criativas-em-belem-do-para","status":"publish","type":"post","link":"https:\/\/nivelamento-online.com.br\/web\/eventos\/inovadores-culturais-do-parana-apresentam-seus-projetos-e-negocios-no-mercado-das-industrias-criativas-em-belem-do-para\/","title":{"rendered":"Inovadores culturais do Paran\u00e1 apresentam seus projetos e neg\u00f3cios no Mercado das Ind\u00fastrias Criativas, em Bel\u00e9m do Par\u00e1"},"content":{"rendered":"\n<p><em>Fonte: <a href=\"https:\/\/www.cultura.pr.gov.br\/Noticia\/Inovadores-culturais-do-Parana-apresentam-seus-projetos-e-negocios-no-Mercado-das\">Governo do Estado do Paran\u00e1<\/a><\/em><\/p>\n\n\n\n<p>Inovadores culturais do Paran\u00e1 participam do Mercado das Ind\u00fastrias Criativas (MICBR) que acontece em Bel\u00e9m, no Par\u00e1, entre os dias 8 e 12 de novembro. O evento reunir\u00e1 empreendedores culturais de diversos setores em rodadas de neg\u00f3cios, palestras, apresenta\u00e7\u00f5es e oficinas, com programa\u00e7\u00e3o gratuita e aberta ao p\u00fablico.\u00a0<\/p>\n\n\n\n<p>Promovido pelo Minist\u00e9rio da Cultura (MinC) e pela Organiza\u00e7\u00e3o dos Estados Ibero-americanos (OEI), o MICBR contar\u00e1 com uma programa\u00e7\u00e3o que inclui 15 setores criativos, sendo eles Artes T\u00e9cnicas, Artesanato, Artes Visuais, Audiovisual &amp; Anima\u00e7\u00e3o, Circo, Dan\u00e7a, Design, Editorial, Gastronomia, Hip Hop, Jogos Eletr\u00f4nicos, M\u00fasica, Moda, Museus &amp; Patrim\u00f4nio e Teatro.<\/p>\n\n\n\n<p>Dos 906 inscritos em todo o Brasil, o edital do Minist\u00e9rio da Cultura selecionou 260 participantes de 102 cidades do pa\u00eds. Desse total, 20 representam o Paran\u00e1, seja como compradores ou vendedores de projetos em rodadas de negocia\u00e7\u00e3o do evento. Al\u00e9m dos participantes brasileiros, a terceira edi\u00e7\u00e3o do MICBR tamb\u00e9m traz a Argentina como pa\u00eds convidado de honra.<\/p>\n\n\n\n<p>Para a secret\u00e1ria estadual de Cultura, Luciana Casagrande Pereira, &#8220;eventos como este s\u00e3o fundamentais para difundir a pot\u00eancia da economia criativa paranaense para o Brasil e para o mundo, atrair investidores para os projetos e iniciativas culturais do Estado e mostrar o que temos de melhor sendo feito por aqui&#8221;. &nbsp;<\/p>\n\n\n\n<p><strong>PARAN\u00c1 E A ECONOMIA CRIATIVA &#8211;&nbsp;<\/strong>No Brasil, a economia criativa \u00e9 respons\u00e1vel por 3,11% do Produto Interno Bruto (PIB) e emprega cerca de 7,5 milh\u00f5es de pessoas nas mais de 130 mil empresas formalizadas. Os 20 representantes do Paran\u00e1 que participam do evento fazem parte de diferentes setores da cultura e s\u00e3o em maior parte vendedores de ideias e projetos.<\/p>\n\n\n\n<p>O inovador cultural Danilo Sande representa a Exatamente Solu\u00e7\u00f5es Educacionais, e \u00e9 um dos vendedores paranaenses. A empresa, que tem sede em Guarapuava, desenvolve jogos que auxiliam alunos a aprenderem. Um destes produtos \u00e9 o Nivelamento Online, que \u00e9 uma plataforma educacional voltada para jogos on-line com sistema de perguntas e respostas personaliz\u00e1veis. Segundo Danilo, o objetivo de levar esse produto ao evento \u00e9 a comercializa\u00e7\u00e3o em institui\u00e7\u00f5es educacionais.<\/p>\n\n\n\n<p>Outros dois projetos ser\u00e3o levados \u00e0s rodadas de neg\u00f3cio. Um deles \u00e9 o Nio Card Game &#8211; jogo de cartas com quest\u00f5es de conhecimento; e o Nio RPG, que \u00e9 um jogo eletr\u00f4nico para dispositivos m\u00f3veis. \u201cN\u00f3s esperamos a oportunidade de comercializar efetivamente com as institui\u00e7\u00f5es educacionais, buscar parceria para desenvolver as cartas em larga escala e tamb\u00e9m a coprodu\u00e7\u00e3o e visibilidade para o Nio RPG\u201d, projetou Danilo Sande.<\/p>\n\n\n\n<p>Presente desde a primeira edi\u00e7\u00e3o do MICBR, o setor audiovisual e anima\u00e7\u00e3o manteve o segundo lugar entre os segmentos de maior crescimento econ\u00f4mico no setor criativo em 2019, com \u00edndice de 3,1%, de acordo com os dados mais recentes do Instituto Brasileiro de Geografia e Estat\u00edstica (IBGE).&nbsp;<\/p>\n\n\n\n<p>A produtora Thais Peixe, da Miralumo Films, ir\u00e1 ao evento como vendedora do eixo audiovisual. O est\u00fadio, localizado em Curitiba, \u00e9 especializado em produ\u00e7\u00e3o de filmes de anima\u00e7\u00e3o originais e tamb\u00e9m em publicidade. Thais explicou que a participa\u00e7\u00e3o neste evento \u00e9 importante para buscar parceiros para coprodu\u00e7\u00e3o e distribui\u00e7\u00e3o. Al\u00e9m disso, ela destacou a diversidade de setores criativos da economia que est\u00e3o presentes no evento.<\/p>\n\n\n\n<p>\u201cEu sei que no MICBR tem artistas de todas as \u00e1reas. Ent\u00e3o n\u00e3o \u00e9 s\u00f3 cinema, mas tamb\u00e9m teatro, design, dan\u00e7a\u2026 e isso enriquece muito, poder ter contato direto com outras \u00e1reas. Fortalece a cultura criativa no Brasil\u201d, destacou Thais.<\/p>\n\n\n\n<p>No mesmo setor de imagem e som, a Olhar \u00e9 uma distribuidora de conte\u00fado audiovisual que lan\u00e7ou mais de 30 filmes no mercado brasileiro, dos mais diversos g\u00eaneros e perfis. A cofundadora e diretora geral da empresa, Paula Gomes, vai at\u00e9 ao evento como compradora, e tem foco em longa-metragens voltados ao universo LGBTQIAPN+, de g\u00eanero de amadurecimento e t\u00edtulos de cunho pol\u00edtico-social.<\/p>\n\n\n\n<p>A diretora explica que ao distribuir um filme, a Olhar faz a campanha publicit\u00e1ria da obra e, por isso, a procura \u00e9 por parcerias com produtoras na fase inicial de um projeto. \u201cAssim, podemos somar desde o desenvolvimento, pensando na audi\u00eancia e em como conversar com ela e, tamb\u00e9m, como auxiliar a empresa produtora nas estrat\u00e9gias de financiamento da obra\u201d, explicou Paula.<\/p>\n\n\n\n<p>Tamb\u00e9m na posi\u00e7\u00e3o de compradora, a diretora do Festival de Teatro de Curitiba, Fab\u00edula Passini, explicou que no teatro se trabalha com o m\u00e1ximo de linguagens poss\u00edveis, como o improviso, m\u00fasica, dan\u00e7a e tamb\u00e9m gastronomia. Segundo a gestora, o formato do mercado promovido em Bel\u00e9m se diferencia de outros pela variedade de eixos de neg\u00f3cio e pelo interc\u00e2mbio cultural.<\/p>\n\n\n\n<p>\u201cImportante para conhecermos outros trabalhos al\u00e9m dos produzidos aqui, para quem sabe trazermos alguma atra\u00e7\u00e3o que ser\u00e1 conhecida a partir do MICBR e tamb\u00e9m para que a cultura do Paran\u00e1 seja conhecida no Brasil inteiro e na Argentina, j\u00e1 que o pa\u00eds convidado do MICBR s\u00e3o eles\u201d, disse Fab\u00edula.<\/p>\n\n\n\n<p>Ainda no campo das apresenta\u00e7\u00f5es, o festival Tel\u00farica \u2013 Festival Feito por Palha\u00e7as, \u00e9 idealizado por oito mulheres, e ir\u00e1 participar das rodadas de negocia\u00e7\u00e3o na categoria de circo e na posi\u00e7\u00e3o de vendedor. O festival surgiu com o intuito de fortalecer a arte da palha\u00e7aria feita por mulheres e buscar o protagonismo feminino dos bastidores ao palco.<\/p>\n\n\n\n<p>Yara Rossato, cocriadora do empreendimento, pretende prospectar novas edi\u00e7\u00f5es e replicar o modelo de festival em outras localidades. \u201cQueremos caminhar para nossa terceira edi\u00e7\u00e3o presencial [do festival] no ano que vem. Estamos inscritas em v\u00e1rios editais, mas a presen\u00e7a no MICBR deve fortalecer isso. Tamb\u00e9m esperamos que seja poss\u00edvel fazer parcerias.\u201d<\/p>\n","protected":false},"excerpt":{"rendered":"<p>Fonte: Governo do Estado do Paran\u00e1 Inovadores culturais do Paran\u00e1 participam do Mercado das Ind\u00fastrias Criativas (MICBR) que acontece em Bel\u00e9m, no Par\u00e1, entre os dias<span class=\"excerpt-hellip\"> [\u2026]<\/span><\/p>\n","protected":false},"author":1,"featured_media":1206,"comment_status":"open","ping_status":"open","sticky":false,"template":"","format":"standard","meta":{"footnotes":""},"categories":[99],"tags":[],"yoast_head":"<!-- This site is optimized with the Yoast SEO Premium plugin v20.0 (Yoast SEO v21.1) - https:\/\/yoast.com\/wordpress\/plugins\/seo\/ -->\n<title>Inovadores culturais do Paran\u00e1 apresentam seus projetos e neg\u00f3cios no Mercado das Ind\u00fastrias Criativas, em Bel\u00e9m do Par\u00e1 - Nivelamento Online<\/title>\n<meta name=\"robots\" content=\"index, follow, max-snippet:-1, max-image-preview:large, max-video-preview:-1\" \/>\n<link rel=\"canonical\" href=\"https:\/\/nivelamento-online.com.br\/web\/eventos\/inovadores-culturais-do-parana-apresentam-seus-projetos-e-negocios-no-mercado-das-industrias-criativas-em-belem-do-para\/\" \/>\n<meta property=\"og:locale\" content=\"pt_BR\" \/>\n<meta property=\"og:type\" content=\"article\" \/>\n<meta property=\"og:title\" content=\"Inovadores culturais do Paran\u00e1 apresentam seus projetos e neg\u00f3cios no Mercado das Ind\u00fastrias Criativas, em Bel\u00e9m do Par\u00e1\" \/>\n<meta property=\"og:description\" content=\"Fonte: Governo do Estado do Paran\u00e1 Inovadores culturais do Paran\u00e1 participam do Mercado das Ind\u00fastrias Criativas (MICBR) que acontece em Bel\u00e9m, no Par\u00e1, entre os dias [\u2026]\" \/>\n<meta property=\"og:url\" content=\"https:\/\/nivelamento-online.com.br\/web\/eventos\/inovadores-culturais-do-parana-apresentam-seus-projetos-e-negocios-no-mercado-das-industrias-criativas-em-belem-do-para\/\" \/>\n<meta property=\"og:site_name\" content=\"Nivelamento Online\" \/>\n<meta property=\"article:published_time\" content=\"2023-11-10T12:04:45+00:00\" \/>\n<meta property=\"article:modified_time\" content=\"2023-12-30T15:19:04+00:00\" \/>\n<meta property=\"og:image\" content=\"https:\/\/nivelamento-online.com.br\/web\/wp-content\/uploads\/2023\/11\/53319765269_adf410bc43_k.jpg\" \/>\n\t<meta property=\"og:image:width\" content=\"2048\" \/>\n\t<meta property=\"og:image:height\" content=\"1365\" \/>\n\t<meta property=\"og:image:type\" content=\"image\/jpeg\" \/>\n<meta name=\"author\" content=\"Fabio Paiva Reis\" \/>\n<meta name=\"twitter:card\" content=\"summary_large_image\" \/>\n<meta name=\"twitter:label1\" content=\"Escrito por\" \/>\n\t<meta name=\"twitter:data1\" content=\"Fabio Paiva Reis\" \/>\n\t<meta name=\"twitter:label2\" content=\"Est. tempo de leitura\" \/>\n\t<meta name=\"twitter:data2\" content=\"5 minutos\" \/>\n<script type=\"application\/ld+json\" class=\"yoast-schema-graph\">{\"@context\":\"https:\/\/schema.org\",\"@graph\":[{\"@type\":\"Article\",\"@id\":\"https:\/\/nivelamento-online.com.br\/web\/eventos\/inovadores-culturais-do-parana-apresentam-seus-projetos-e-negocios-no-mercado-das-industrias-criativas-em-belem-do-para\/#article\",\"isPartOf\":{\"@id\":\"https:\/\/nivelamento-online.com.br\/web\/eventos\/inovadores-culturais-do-parana-apresentam-seus-projetos-e-negocios-no-mercado-das-industrias-criativas-em-belem-do-para\/\"},\"author\":{\"name\":\"Fabio Paiva Reis\",\"@id\":\"https:\/\/nivelamento-online.com.br\/web\/#\/schema\/person\/f41f770600557c3cb72010b84faf4b06\"},\"headline\":\"Inovadores culturais do Paran\u00e1 apresentam seus projetos e neg\u00f3cios no Mercado das Ind\u00fastrias Criativas, em Bel\u00e9m do Par\u00e1\",\"datePublished\":\"2023-11-10T12:04:45+00:00\",\"dateModified\":\"2023-12-30T15:19:04+00:00\",\"mainEntityOfPage\":{\"@id\":\"https:\/\/nivelamento-online.com.br\/web\/eventos\/inovadores-culturais-do-parana-apresentam-seus-projetos-e-negocios-no-mercado-das-industrias-criativas-em-belem-do-para\/\"},\"wordCount\":998,\"commentCount\":0,\"publisher\":{\"@id\":\"https:\/\/nivelamento-online.com.br\/web\/#organization\"},\"articleSection\":[\"Eventos\"],\"inLanguage\":\"pt-BR\",\"potentialAction\":[{\"@type\":\"CommentAction\",\"name\":\"Comment\",\"target\":[\"https:\/\/nivelamento-online.com.br\/web\/eventos\/inovadores-culturais-do-parana-apresentam-seus-projetos-e-negocios-no-mercado-das-industrias-criativas-em-belem-do-para\/#respond\"]}]},{\"@type\":\"WebPage\",\"@id\":\"https:\/\/nivelamento-online.com.br\/web\/eventos\/inovadores-culturais-do-parana-apresentam-seus-projetos-e-negocios-no-mercado-das-industrias-criativas-em-belem-do-para\/\",\"url\":\"https:\/\/nivelamento-online.com.br\/web\/eventos\/inovadores-culturais-do-parana-apresentam-seus-projetos-e-negocios-no-mercado-das-industrias-criativas-em-belem-do-para\/\",\"name\":\"Inovadores culturais do Paran\u00e1 apresentam seus projetos e neg\u00f3cios no Mercado das Ind\u00fastrias Criativas, em Bel\u00e9m do Par\u00e1 - Nivelamento Online\",\"isPartOf\":{\"@id\":\"https:\/\/nivelamento-online.com.br\/web\/#website\"},\"datePublished\":\"2023-11-10T12:04:45+00:00\",\"dateModified\":\"2023-12-30T15:19:04+00:00\",\"breadcrumb\":{\"@id\":\"https:\/\/nivelamento-online.com.br\/web\/eventos\/inovadores-culturais-do-parana-apresentam-seus-projetos-e-negocios-no-mercado-das-industrias-criativas-em-belem-do-para\/#breadcrumb\"},\"inLanguage\":\"pt-BR\",\"potentialAction\":[{\"@type\":\"ReadAction\",\"target\":[\"https:\/\/nivelamento-online.com.br\/web\/eventos\/inovadores-culturais-do-parana-apresentam-seus-projetos-e-negocios-no-mercado-das-industrias-criativas-em-belem-do-para\/\"]}]},{\"@type\":\"BreadcrumbList\",\"@id\":\"https:\/\/nivelamento-online.com.br\/web\/eventos\/inovadores-culturais-do-parana-apresentam-seus-projetos-e-negocios-no-mercado-das-industrias-criativas-em-belem-do-para\/#breadcrumb\",\"itemListElement\":[{\"@type\":\"ListItem\",\"position\":1,\"name\":\"Home\",\"item\":\"https:\/\/nivelamento-online.com.br\/web\/\"},{\"@type\":\"ListItem\",\"position\":2,\"name\":\"Inovadores culturais do Paran\u00e1 apresentam seus projetos e neg\u00f3cios no Mercado das Ind\u00fastrias Criativas, em Bel\u00e9m do Par\u00e1\"}]},{\"@type\":\"WebSite\",\"@id\":\"https:\/\/nivelamento-online.com.br\/web\/#website\",\"url\":\"https:\/\/nivelamento-online.com.br\/web\/\",\"name\":\"Nivelamento Online\",\"description\":\"O seu jogo para estudar para o Ensino M\u00e9dio e o Enem\",\"publisher\":{\"@id\":\"https:\/\/nivelamento-online.com.br\/web\/#organization\"},\"potentialAction\":[{\"@type\":\"SearchAction\",\"target\":{\"@type\":\"EntryPoint\",\"urlTemplate\":\"https:\/\/nivelamento-online.com.br\/web\/?s={search_term_string}\"},\"query-input\":\"required name=search_term_string\"}],\"inLanguage\":\"pt-BR\"},{\"@type\":\"Organization\",\"@id\":\"https:\/\/nivelamento-online.com.br\/web\/#organization\",\"name\":\"Nivelamento Online\",\"url\":\"https:\/\/nivelamento-online.com.br\/web\/\",\"logo\":{\"@type\":\"ImageObject\",\"inLanguage\":\"pt-BR\",\"@id\":\"https:\/\/nivelamento-online.com.br\/web\/#\/schema\/logo\/image\/\",\"url\":\"https:\/\/nivelamento-online.com.br\/web\/wp-content\/uploads\/2023\/01\/slide-03-1.png\",\"contentUrl\":\"https:\/\/nivelamento-online.com.br\/web\/wp-content\/uploads\/2023\/01\/slide-03-1.png\",\"width\":750,\"height\":1332,\"caption\":\"Nivelamento Online\"},\"image\":{\"@id\":\"https:\/\/nivelamento-online.com.br\/web\/#\/schema\/logo\/image\/\"}},{\"@type\":\"Person\",\"@id\":\"https:\/\/nivelamento-online.com.br\/web\/#\/schema\/person\/f41f770600557c3cb72010b84faf4b06\",\"name\":\"Fabio Paiva Reis\",\"image\":{\"@type\":\"ImageObject\",\"inLanguage\":\"pt-BR\",\"@id\":\"https:\/\/nivelamento-online.com.br\/web\/#\/schema\/person\/image\/\",\"url\":\"https:\/\/secure.gravatar.com\/avatar\/8abfaeed212071301794aef490d31a44?s=96&d=mm&r=g\",\"contentUrl\":\"https:\/\/secure.gravatar.com\/avatar\/8abfaeed212071301794aef490d31a44?s=96&d=mm&r=g\",\"caption\":\"Fabio Paiva Reis\"},\"description\":\"Fabio Paiva Reis \u00e9 coordenador de comunica\u00e7\u00e3o na Exatamente Solu\u00e7\u00f5es Educacionais, criadora do app Nivelamento Online. Especialista em Marketing e M\u00eddias Digitais pela FGV, Fabio \u00e9 ainda doutor em Hist\u00f3ria pela Universidade do Minho, em Portugal.\",\"sameAs\":[\"https:\/\/nivelamento-online.com.br\/web\"],\"url\":\"https:\/\/nivelamento-online.com.br\/web\/author\/nivelamentoonline-nio\/\"}]}<\/script>\n<!-- \/ Yoast SEO Premium plugin. -->","yoast_head_json":{"title":"Inovadores culturais do Paran\u00e1 apresentam seus projetos e neg\u00f3cios no Mercado das Ind\u00fastrias Criativas, em Bel\u00e9m do Par\u00e1 - Nivelamento Online","robots":{"index":"index","follow":"follow","max-snippet":"max-snippet:-1","max-image-preview":"max-image-preview:large","max-video-preview":"max-video-preview:-1"},"canonical":"https:\/\/nivelamento-online.com.br\/web\/eventos\/inovadores-culturais-do-parana-apresentam-seus-projetos-e-negocios-no-mercado-das-industrias-criativas-em-belem-do-para\/","og_locale":"pt_BR","og_type":"article","og_title":"Inovadores culturais do Paran\u00e1 apresentam seus projetos e neg\u00f3cios no Mercado das Ind\u00fastrias Criativas, em Bel\u00e9m do Par\u00e1","og_description":"Fonte: Governo do Estado do Paran\u00e1 Inovadores culturais do Paran\u00e1 participam do Mercado das Ind\u00fastrias Criativas (MICBR) que acontece em Bel\u00e9m, no Par\u00e1, entre os dias [\u2026]","og_url":"https:\/\/nivelamento-online.com.br\/web\/eventos\/inovadores-culturais-do-parana-apresentam-seus-projetos-e-negocios-no-mercado-das-industrias-criativas-em-belem-do-para\/","og_site_name":"Nivelamento Online","article_published_time":"2023-11-10T12:04:45+00:00","article_modified_time":"2023-12-30T15:19:04+00:00","og_image":[{"width":2048,"height":1365,"url":"https:\/\/nivelamento-online.com.br\/web\/wp-content\/uploads\/2023\/11\/53319765269_adf410bc43_k.jpg","type":"image\/jpeg"}],"author":"Fabio Paiva Reis","twitter_card":"summary_large_image","twitter_misc":{"Escrito por":"Fabio Paiva Reis","Est. tempo de leitura":"5 minutos"},"schema":{"@context":"https:\/\/schema.org","@graph":[{"@type":"Article","@id":"https:\/\/nivelamento-online.com.br\/web\/eventos\/inovadores-culturais-do-parana-apresentam-seus-projetos-e-negocios-no-mercado-das-industrias-criativas-em-belem-do-para\/#article","isPartOf":{"@id":"https:\/\/nivelamento-online.com.br\/web\/eventos\/inovadores-culturais-do-parana-apresentam-seus-projetos-e-negocios-no-mercado-das-industrias-criativas-em-belem-do-para\/"},"author":{"name":"Fabio Paiva Reis","@id":"https:\/\/nivelamento-online.com.br\/web\/#\/schema\/person\/f41f770600557c3cb72010b84faf4b06"},"headline":"Inovadores culturais do Paran\u00e1 apresentam seus projetos e neg\u00f3cios no Mercado das Ind\u00fastrias Criativas, em Bel\u00e9m do Par\u00e1","datePublished":"2023-11-10T12:04:45+00:00","dateModified":"2023-12-30T15:19:04+00:00","mainEntityOfPage":{"@id":"https:\/\/nivelamento-online.com.br\/web\/eventos\/inovadores-culturais-do-parana-apresentam-seus-projetos-e-negocios-no-mercado-das-industrias-criativas-em-belem-do-para\/"},"wordCount":998,"commentCount":0,"publisher":{"@id":"https:\/\/nivelamento-online.com.br\/web\/#organization"},"articleSection":["Eventos"],"inLanguage":"pt-BR","potentialAction":[{"@type":"CommentAction","name":"Comment","target":["https:\/\/nivelamento-online.com.br\/web\/eventos\/inovadores-culturais-do-parana-apresentam-seus-projetos-e-negocios-no-mercado-das-industrias-criativas-em-belem-do-para\/#respond"]}]},{"@type":"WebPage","@id":"https:\/\/nivelamento-online.com.br\/web\/eventos\/inovadores-culturais-do-parana-apresentam-seus-projetos-e-negocios-no-mercado-das-industrias-criativas-em-belem-do-para\/","url":"https:\/\/nivelamento-online.com.br\/web\/eventos\/inovadores-culturais-do-parana-apresentam-seus-projetos-e-negocios-no-mercado-das-industrias-criativas-em-belem-do-para\/","name":"Inovadores culturais do Paran\u00e1 apresentam seus projetos e neg\u00f3cios no Mercado das Ind\u00fastrias Criativas, em Bel\u00e9m do Par\u00e1 - Nivelamento Online","isPartOf":{"@id":"https:\/\/nivelamento-online.com.br\/web\/#website"},"datePublished":"2023-11-10T12:04:45+00:00","dateModified":"2023-12-30T15:19:04+00:00","breadcrumb":{"@id":"https:\/\/nivelamento-online.com.br\/web\/eventos\/inovadores-culturais-do-parana-apresentam-seus-projetos-e-negocios-no-mercado-das-industrias-criativas-em-belem-do-para\/#breadcrumb"},"inLanguage":"pt-BR","potentialAction":[{"@type":"ReadAction","target":["https:\/\/nivelamento-online.com.br\/web\/eventos\/inovadores-culturais-do-parana-apresentam-seus-projetos-e-negocios-no-mercado-das-industrias-criativas-em-belem-do-para\/"]}]},{"@type":"BreadcrumbList","@id":"https:\/\/nivelamento-online.com.br\/web\/eventos\/inovadores-culturais-do-parana-apresentam-seus-projetos-e-negocios-no-mercado-das-industrias-criativas-em-belem-do-para\/#breadcrumb","itemListElement":[{"@type":"ListItem","position":1,"name":"Home","item":"https:\/\/nivelamento-online.com.br\/web\/"},{"@type":"ListItem","position":2,"name":"Inovadores culturais do Paran\u00e1 apresentam seus projetos e neg\u00f3cios no Mercado das Ind\u00fastrias Criativas, em Bel\u00e9m do Par\u00e1"}]},{"@type":"WebSite","@id":"https:\/\/nivelamento-online.com.br\/web\/#website","url":"https:\/\/nivelamento-online.com.br\/web\/","name":"Nivelamento Online","description":"O seu jogo para estudar para o Ensino M\u00e9dio e o Enem","publisher":{"@id":"https:\/\/nivelamento-online.com.br\/web\/#organization"},"potentialAction":[{"@type":"SearchAction","target":{"@type":"EntryPoint","urlTemplate":"https:\/\/nivelamento-online.com.br\/web\/?s={search_term_string}"},"query-input":"required name=search_term_string"}],"inLanguage":"pt-BR"},{"@type":"Organization","@id":"https:\/\/nivelamento-online.com.br\/web\/#organization","name":"Nivelamento Online","url":"https:\/\/nivelamento-online.com.br\/web\/","logo":{"@type":"ImageObject","inLanguage":"pt-BR","@id":"https:\/\/nivelamento-online.com.br\/web\/#\/schema\/logo\/image\/","url":"https:\/\/nivelamento-online.com.br\/web\/wp-content\/uploads\/2023\/01\/slide-03-1.png","contentUrl":"https:\/\/nivelamento-online.com.br\/web\/wp-content\/uploads\/2023\/01\/slide-03-1.png","width":750,"height":1332,"caption":"Nivelamento Online"},"image":{"@id":"https:\/\/nivelamento-online.com.br\/web\/#\/schema\/logo\/image\/"}},{"@type":"Person","@id":"https:\/\/nivelamento-online.com.br\/web\/#\/schema\/person\/f41f770600557c3cb72010b84faf4b06","name":"Fabio Paiva Reis","image":{"@type":"ImageObject","inLanguage":"pt-BR","@id":"https:\/\/nivelamento-online.com.br\/web\/#\/schema\/person\/image\/","url":"https:\/\/secure.gravatar.com\/avatar\/8abfaeed212071301794aef490d31a44?s=96&d=mm&r=g","contentUrl":"https:\/\/secure.gravatar.com\/avatar\/8abfaeed212071301794aef490d31a44?s=96&d=mm&r=g","caption":"Fabio Paiva Reis"},"description":"Fabio Paiva Reis \u00e9 coordenador de comunica\u00e7\u00e3o na Exatamente Solu\u00e7\u00f5es Educacionais, criadora do app Nivelamento Online. Especialista em Marketing e M\u00eddias Digitais pela FGV, Fabio \u00e9 ainda doutor em Hist\u00f3ria pela Universidade do Minho, em Portugal.","sameAs":["https:\/\/nivelamento-online.com.br\/web"],"url":"https:\/\/nivelamento-online.com.br\/web\/author\/nivelamentoonline-nio\/"}]}},"jetpack_featured_media_url":"https:\/\/nivelamento-online.com.br\/web\/wp-content\/uploads\/2023\/11\/53319765269_adf410bc43_k.jpg","jetpack_sharing_enabled":true,"_links":{"self":[{"href":"https:\/\/nivelamento-online.com.br\/web\/wp-json\/wp\/v2\/posts\/1204"}],"collection":[{"href":"https:\/\/nivelamento-online.com.br\/web\/wp-json\/wp\/v2\/posts"}],"about":[{"href":"https:\/\/nivelamento-online.com.br\/web\/wp-json\/wp\/v2\/types\/post"}],"author":[{"embeddable":true,"href":"https:\/\/nivelamento-online.com.br\/web\/wp-json\/wp\/v2\/users\/1"}],"replies":[{"embeddable":true,"href":"https:\/\/nivelamento-online.com.br\/web\/wp-json\/wp\/v2\/comments?post=1204"}],"version-history":[{"count":1,"href":"https:\/\/nivelamento-online.com.br\/web\/wp-json\/wp\/v2\/posts\/1204\/revisions"}],"predecessor-version":[{"id":1209,"href":"https:\/\/nivelamento-online.com.br\/web\/wp-json\/wp\/v2\/posts\/1204\/revisions\/1209"}],"wp:featuredmedia":[{"embeddable":true,"href":"https:\/\/nivelamento-online.com.br\/web\/wp-json\/wp\/v2\/media\/1206"}],"wp:attachment":[{"href":"https:\/\/nivelamento-online.com.br\/web\/wp-json\/wp\/v2\/media?parent=1204"}],"wp:term":[{"taxonomy":"category","embeddable":true,"href":"https:\/\/nivelamento-online.com.br\/web\/wp-json\/wp\/v2\/categories?post=1204"},{"taxonomy":"post_tag","embeddable":true,"href":"https:\/\/nivelamento-online.com.br\/web\/wp-json\/wp\/v2\/tags?post=1204"}],"curies":[{"name":"wp","href":"https:\/\/api.w.org\/{rel}","templated":true}]}}